{"id":2235,"date":"2024-01-31T06:00:31","date_gmt":"2024-01-31T06:00:31","guid":{"rendered":"https:\/\/eldoradomultinet.com.ar\/nuevedejulio\/?p=2235"},"modified":"2024-01-31T06:00:31","modified_gmt":"2024-01-31T06:00:31","slug":"mejoras-en-la-infraestructura-vial-compromiso-del-intendente-de-9-de-julio","status":"publish","type":"post","link":"https:\/\/eldoradomultinet.com.ar\/nuevedejulio\/2024\/01\/31\/mejoras-en-la-infraestructura-vial-compromiso-del-intendente-de-9-de-julio\/","title":{"rendered":"Mejoras en la Infraestructura Vial: Compromiso del Intendente de 9 de Julio"},"content":{"rendered":"<p>El desarrollo y mantenimiento de la infraestructura vial son aspectos fundamentales para garantizar la conectividad y el bienestar de las comunidades. En este sentido, el intendente de 9 de Julio, Rub\u00e9n Kobler, ha destacado la importancia de los trabajos que se est\u00e1n llevando a cabo en los caminos terrados del municipio, as\u00ed como la iniciativa de uni\u00f3n pol\u00edtica entre los jefes comunales del Departamento de Eldorado para beneficiar a toda la zona.<\/p>\n<h2>Mejoras en los Caminos Terrados<\/h2>\n<p>Desde la Secretar\u00eda de Obras P\u00fablicas del municipio se ha estado realizando un arduo trabajo en el arreglo de los caminos terrados, en respuesta a las solicitudes de los colonos y los habitantes de 9 de Julio. El intendente Kobler se\u00f1al\u00f3 que, si bien el a\u00f1o anterior no fue \u00f3ptimo en t\u00e9rminos de mantenimiento vial, en los \u00faltimos meses se ha realizado un trabajo integral en colaboraci\u00f3n con el personal de Vialidad, lo que ha permitido avanzar significativamente en la mejora de estos caminos.<\/p>\n<p>Con aproximadamente 500 kil\u00f3metros de caminos terrados en todo el municipio, se ha priorizado la rehabilitaci\u00f3n de las principales v\u00edas de comunicaci\u00f3n, como la calle Santa Fe, que une 9 de Julio con la Picada 9 de Eldorado, y la ruta 226 que atraviesa el Piray Min\u00ed y conecta Eldorado con Valle Hermoso y Santiago de Liniers. A pesar de los avances, Kobler asegura que a\u00fan queda un 30 por ciento de trabajo por realizar, especialmente en los caminos de las chacras de los colonos, que ser\u00e1n atendidos en los pr\u00f3ximos meses.<\/p>\n<h2>Uni\u00f3n de Intendentes en el Departamento de Eldorado<\/h2>\n<p>A principios de este a\u00f1o, los intendentes del Departamento de Eldorado se reunieron para discutir estrategias de colaboraci\u00f3n en materia vial. Surgi\u00f3 la idea de formar un consorcio entre todos los municipios para trabajar de manera conjunta en el mantenimiento y mejora de la red vial en toda la regi\u00f3n.<\/p>\n<p>El objetivo principal de esta iniciativa es optimizar los recursos y la maquinaria disponible, permitiendo que las municipalidades colaboren entre s\u00ed para abordar las necesidades de infraestructura vial de manera m\u00e1s eficiente. Se plantea la posibilidad de compartir recursos, como la maquinaria vial, y de establecer convenios para la adquisici\u00f3n conjunta de materiales y equipos.<\/p>\n<p>Rub\u00e9n Kobler enfatiz\u00f3 que esta decisi\u00f3n pol\u00edtica ya ha sido tomada y que ahora se est\u00e1n ultimando los detalles legales necesarios para llevar a cabo esta colaboraci\u00f3n intermunicipal. Se espera que en los pr\u00f3ximos meses se re\u00fanan con los concejales de cada municipio para presentarles el proyecto y obtener su aprobaci\u00f3n.<\/p>\n<p>En conclusi\u00f3n, el compromiso del intendente Rub\u00e9n Kobler y de los dem\u00e1s jefes comunales del Departamento de Eldorado con la mejora de la infraestructura vial es un paso importante hacia el desarrollo y la prosperidad de toda la regi\u00f3n. La colaboraci\u00f3n y la coordinaci\u00f3n entre los municipios son fundamentales para garantizar que las comunidades tengan acceso a una red vial segura y eficiente.<\/p>\n","protected":false},"excerpt":{"rendered":"<p>El desarrollo y mantenimiento de la infraestructura vial son aspectos fundamentales para garantizar la conectividad y el bienestar de las<\/p>\n","protected":false},"author":2,"featured_media":1932,"comment_status":"open","ping_status":"open","sticky":false,"template":"","format":"standard","meta":{"_monsterinsights_skip_tracking":false,"_monsterinsights_sitenote_active":false,"_monsterinsights_sitenote_note":"","_monsterinsights_sitenote_category":0,"footnotes":""},"categories":[2,7,12],"tags":[66],"class_list":["post-2235","post","type-post","status-publish","format-standard","has-post-thumbnail","hentry","category-eventos-y-noticias","category-noticias-populares","category-obras-y-avances","tag-mejoras-en-la-infraestructura-vial-compromiso-del-intendente-de-9-de-julio"],"yoast_head":"<!-- This site is optimized with the Yoast SEO Premium plugin v18.9 (Yoast SEO v25.5) - https:\/\/yoast.com\/wordpress\/plugins\/seo\/ -->\n<title>Mejoras en la Infraestructura Vial: Compromiso del Intendente de 9 de Julio - Nueve de Julio Noticias<\/title>\n<meta name=\"robots\" content=\"index, follow, max-snippet:-1, max-image-preview:large, max-video-preview:-1\" \/>\n<link rel=\"canonical\" href=\"https:\/\/eldoradomultinet.com.ar\/nuevedejulio\/2024\/01\/31\/mejoras-en-la-infraestructura-vial-compromiso-del-intendente-de-9-de-julio\/\" \/>\n<meta property=\"og:locale\" content=\"es_ES\" \/>\n<meta property=\"og:type\" content=\"article\" \/>\n<meta property=\"og:title\" content=\"Mejoras en la Infraestructura Vial: Compromiso del Intendente de 9 de Julio\" \/>\n<meta property=\"og:description\" content=\"El desarrollo y mantenimiento de la infraestructura vial son aspectos fundamentales para garantizar la conectividad y el bienestar de las\" \/>\n<meta property=\"og:url\" content=\"https:\/\/eldoradomultinet.com.ar\/nuevedejulio\/2024\/01\/31\/mejoras-en-la-infraestructura-vial-compromiso-del-intendente-de-9-de-julio\/\" \/>\n<meta property=\"og:site_name\" content=\"Nueve de Julio Noticias\" \/>\n<meta property=\"article:published_time\" content=\"2024-01-31T06:00:31+00:00\" \/>\n<meta property=\"og:image\" content=\"https:\/\/eldoradomultinet.com.ar\/nuevedejulio\/wp-content\/uploads\/sites\/9\/2022\/09\/IMG-20220914-WA0105.jpg\" \/>\n\t<meta property=\"og:image:width\" content=\"1200\" \/>\n\t<meta property=\"og:image:height\" content=\"1600\" \/>\n\t<meta property=\"og:image:type\" content=\"image\/jpeg\" \/>\n<meta name=\"author\" content=\"Marcelo\" \/>\n<meta name=\"twitter:card\" content=\"summary_large_image\" \/>\n<meta name=\"twitter:label1\" content=\"Escrito por\" \/>\n\t<meta name=\"twitter:data1\" content=\"Marcelo\" \/>\n\t<meta name=\"twitter:label2\" content=\"Tiempo de lectura\" \/>\n\t<meta name=\"twitter:data2\" content=\"3 minutos\" \/>\n<script type=\"application\/ld+json\" class=\"yoast-schema-graph\">{\"@context\":\"https:\/\/schema.org\",\"@graph\":[{\"@type\":\"Article\",\"@id\":\"https:\/\/eldoradomultinet.com.ar\/nuevedejulio\/2024\/01\/31\/mejoras-en-la-infraestructura-vial-compromiso-del-intendente-de-9-de-julio\/#article\",\"isPartOf\":{\"@id\":\"https:\/\/eldoradomultinet.com.ar\/nuevedejulio\/2024\/01\/31\/mejoras-en-la-infraestructura-vial-compromiso-del-intendente-de-9-de-julio\/\"},\"author\":{\"name\":\"Marcelo\",\"@id\":\"https:\/\/eldoradomultinet.com.ar\/nuevedejulio\/#\/schema\/person\/986e1d3a020443664e82ae7e8fcd571f\"},\"headline\":\"Mejoras en la Infraestructura Vial: Compromiso del Intendente de 9 de Julio\",\"datePublished\":\"2024-01-31T06:00:31+00:00\",\"mainEntityOfPage\":{\"@id\":\"https:\/\/eldoradomultinet.com.ar\/nuevedejulio\/2024\/01\/31\/mejoras-en-la-infraestructura-vial-compromiso-del-intendente-de-9-de-julio\/\"},\"wordCount\":521,\"commentCount\":0,\"publisher\":{\"@id\":\"https:\/\/eldoradomultinet.com.ar\/nuevedejulio\/#organization\"},\"image\":{\"@id\":\"https:\/\/eldoradomultinet.com.ar\/nuevedejulio\/2024\/01\/31\/mejoras-en-la-infraestructura-vial-compromiso-del-intendente-de-9-de-julio\/#primaryimage\"},\"thumbnailUrl\":\"https:\/\/eldoradomultinet.com.ar\/nuevedejulio\/wp-content\/uploads\/sites\/9\/2022\/09\/IMG-20220914-WA0105.jpg\",\"keywords\":[\"Mejoras en la Infraestructura Vial: Compromiso del Intendente de 9 de Julio\"],\"articleSection\":[\"Eventos y Noticias\",\"Noticias Populares\",\"Obras y avances\"],\"inLanguage\":\"es\",\"potentialAction\":[{\"@type\":\"CommentAction\",\"name\":\"Comment\",\"target\":[\"https:\/\/eldoradomultinet.com.ar\/nuevedejulio\/2024\/01\/31\/mejoras-en-la-infraestructura-vial-compromiso-del-intendente-de-9-de-julio\/#respond\"]}]},{\"@type\":\"WebPage\",\"@id\":\"https:\/\/eldoradomultinet.com.ar\/nuevedejulio\/2024\/01\/31\/mejoras-en-la-infraestructura-vial-compromiso-del-intendente-de-9-de-julio\/\",\"url\":\"https:\/\/eldoradomultinet.com.ar\/nuevedejulio\/2024\/01\/31\/mejoras-en-la-infraestructura-vial-compromiso-del-intendente-de-9-de-julio\/\",\"name\":\"Mejoras en la Infraestructura Vial: Compromiso del Intendente de 9 de Julio - Nueve de Julio Noticias\",\"isPartOf\":{\"@id\":\"https:\/\/eldoradomultinet.com.ar\/nuevedejulio\/#website\"},\"primaryImageOfPage\":{\"@id\":\"https:\/\/eldoradomultinet.com.ar\/nuevedejulio\/2024\/01\/31\/mejoras-en-la-infraestructura-vial-compromiso-del-intendente-de-9-de-julio\/#primaryimage\"},\"image\":{\"@id\":\"https:\/\/eldoradomultinet.com.ar\/nuevedejulio\/2024\/01\/31\/mejoras-en-la-infraestructura-vial-compromiso-del-intendente-de-9-de-julio\/#primaryimage\"},\"thumbnailUrl\":\"https:\/\/eldoradomultinet.com.ar\/nuevedejulio\/wp-content\/uploads\/sites\/9\/2022\/09\/IMG-20220914-WA0105.jpg\",\"datePublished\":\"2024-01-31T06:00:31+00:00\",\"breadcrumb\":{\"@id\":\"https:\/\/eldoradomultinet.com.ar\/nuevedejulio\/2024\/01\/31\/mejoras-en-la-infraestructura-vial-compromiso-del-intendente-de-9-de-julio\/#breadcrumb\"},\"inLanguage\":\"es\",\"potentialAction\":[{\"@type\":\"ReadAction\",\"target\":[\"https:\/\/eldoradomultinet.com.ar\/nuevedejulio\/2024\/01\/31\/mejoras-en-la-infraestructura-vial-compromiso-del-intendente-de-9-de-julio\/\"]}]},{\"@type\":\"ImageObject\",\"inLanguage\":\"es\",\"@id\":\"https:\/\/eldoradomultinet.com.ar\/nuevedejulio\/2024\/01\/31\/mejoras-en-la-infraestructura-vial-compromiso-del-intendente-de-9-de-julio\/#primaryimage\",\"url\":\"https:\/\/eldoradomultinet.com.ar\/nuevedejulio\/wp-content\/uploads\/sites\/9\/2022\/09\/IMG-20220914-WA0105.jpg\",\"contentUrl\":\"https:\/\/eldoradomultinet.com.ar\/nuevedejulio\/wp-content\/uploads\/sites\/9\/2022\/09\/IMG-20220914-WA0105.jpg\",\"width\":1200,\"height\":1600},{\"@type\":\"BreadcrumbList\",\"@id\":\"https:\/\/eldoradomultinet.com.ar\/nuevedejulio\/2024\/01\/31\/mejoras-en-la-infraestructura-vial-compromiso-del-intendente-de-9-de-julio\/#breadcrumb\",\"itemListElement\":[{\"@type\":\"ListItem\",\"position\":1,\"name\":\"Portada\",\"item\":\"https:\/\/eldoradomultinet.com.ar\/nuevedejulio\/\"},{\"@type\":\"ListItem\",\"position\":2,\"name\":\"Mejoras en la Infraestructura Vial: Compromiso del Intendente de 9 de Julio\"}]},{\"@type\":\"WebSite\",\"@id\":\"https:\/\/eldoradomultinet.com.ar\/nuevedejulio\/#website\",\"url\":\"https:\/\/eldoradomultinet.com.ar\/nuevedejulio\/\",\"name\":\"Nueve de Julio Noticias\",\"description\":\"ELDORADO Misiones\/ 9 de julio es un medio de noticias de la Red de Eldorado Multimedios. Com\",\"publisher\":{\"@id\":\"https:\/\/eldoradomultinet.com.ar\/nuevedejulio\/#organization\"},\"potentialAction\":[{\"@type\":\"SearchAction\",\"target\":{\"@type\":\"EntryPoint\",\"urlTemplate\":\"https:\/\/eldoradomultinet.com.ar\/nuevedejulio\/?s={search_term_string}\"},\"query-input\":{\"@type\":\"PropertyValueSpecification\",\"valueRequired\":true,\"valueName\":\"search_term_string\"}}],\"inLanguage\":\"es\"},{\"@type\":\"Organization\",\"@id\":\"https:\/\/eldoradomultinet.com.ar\/nuevedejulio\/#organization\",\"name\":\"Nueve de Julio Noticias\",\"url\":\"https:\/\/eldoradomultinet.com.ar\/nuevedejulio\/\",\"logo\":{\"@type\":\"ImageObject\",\"inLanguage\":\"es\",\"@id\":\"https:\/\/eldoradomultinet.com.ar\/nuevedejulio\/#\/schema\/logo\/image\/\",\"url\":\"https:\/\/eldoradomultinet.com.ar\/nuevedejulio\/wp-content\/uploads\/sites\/9\/2025\/01\/9-de-julio-Misiones.png\",\"contentUrl\":\"https:\/\/eldoradomultinet.com.ar\/nuevedejulio\/wp-content\/uploads\/sites\/9\/2025\/01\/9-de-julio-Misiones.png\",\"width\":500,\"height\":500,\"caption\":\"Nueve de Julio Noticias \"},\"image\":{\"@id\":\"https:\/\/eldoradomultinet.com.ar\/nuevedejulio\/#\/schema\/logo\/image\/\"}},{\"@type\":\"Person\",\"@id\":\"https:\/\/eldoradomultinet.com.ar\/nuevedejulio\/#\/schema\/person\/986e1d3a020443664e82ae7e8fcd571f\",\"name\":\"Marcelo\",\"image\":{\"@type\":\"ImageObject\",\"inLanguage\":\"es\",\"@id\":\"https:\/\/eldoradomultinet.com.ar\/nuevedejulio\/#\/schema\/person\/image\/\",\"url\":\"https:\/\/secure.gravatar.com\/avatar\/dbc7505ebf1b093ae56e798debb36248722744ec5cf699c6fff151ee94f7bd9f?s=96&d=mm&r=g\",\"contentUrl\":\"https:\/\/secure.gravatar.com\/avatar\/dbc7505ebf1b093ae56e798debb36248722744ec5cf699c6fff151ee94f7bd9f?s=96&d=mm&r=g\",\"caption\":\"Marcelo\"},\"sameAs\":[\"https:\/\/eldoradomultimedios.com\/\"],\"url\":\"https:\/\/eldoradomultinet.com.ar\/nuevedejulio\/author\/c2241236\/\"}]}<\/script>\n<!-- \/ Yoast SEO Premium plugin. -->","yoast_head_json":{"title":"Mejoras en la Infraestructura Vial: Compromiso del Intendente de 9 de Julio - Nueve de Julio Noticias","robots":{"index":"index","follow":"follow","max-snippet":"max-snippet:-1","max-image-preview":"max-image-preview:large","max-video-preview":"max-video-preview:-1"},"canonical":"https:\/\/eldoradomultinet.com.ar\/nuevedejulio\/2024\/01\/31\/mejoras-en-la-infraestructura-vial-compromiso-del-intendente-de-9-de-julio\/","og_locale":"es_ES","og_type":"article","og_title":"Mejoras en la Infraestructura Vial: Compromiso del Intendente de 9 de Julio","og_description":"El desarrollo y mantenimiento de la infraestructura vial son aspectos fundamentales para garantizar la conectividad y el bienestar de las","og_url":"https:\/\/eldoradomultinet.com.ar\/nuevedejulio\/2024\/01\/31\/mejoras-en-la-infraestructura-vial-compromiso-del-intendente-de-9-de-julio\/","og_site_name":"Nueve de Julio Noticias","article_published_time":"2024-01-31T06:00:31+00:00","og_image":[{"width":1200,"height":1600,"url":"https:\/\/eldoradomultinet.com.ar\/nuevedejulio\/wp-content\/uploads\/sites\/9\/2022\/09\/IMG-20220914-WA0105.jpg","type":"image\/jpeg"}],"author":"Marcelo","twitter_card":"summary_large_image","twitter_misc":{"Escrito por":"Marcelo","Tiempo de lectura":"3 minutos"},"schema":{"@context":"https:\/\/schema.org","@graph":[{"@type":"Article","@id":"https:\/\/eldoradomultinet.com.ar\/nuevedejulio\/2024\/01\/31\/mejoras-en-la-infraestructura-vial-compromiso-del-intendente-de-9-de-julio\/#article","isPartOf":{"@id":"https:\/\/eldoradomultinet.com.ar\/nuevedejulio\/2024\/01\/31\/mejoras-en-la-infraestructura-vial-compromiso-del-intendente-de-9-de-julio\/"},"author":{"name":"Marcelo","@id":"https:\/\/eldoradomultinet.com.ar\/nuevedejulio\/#\/schema\/person\/986e1d3a020443664e82ae7e8fcd571f"},"headline":"Mejoras en la Infraestructura Vial: Compromiso del Intendente de 9 de Julio","datePublished":"2024-01-31T06:00:31+00:00","mainEntityOfPage":{"@id":"https:\/\/eldoradomultinet.com.ar\/nuevedejulio\/2024\/01\/31\/mejoras-en-la-infraestructura-vial-compromiso-del-intendente-de-9-de-julio\/"},"wordCount":521,"commentCount":0,"publisher":{"@id":"https:\/\/eldoradomultinet.com.ar\/nuevedejulio\/#organization"},"image":{"@id":"https:\/\/eldoradomultinet.com.ar\/nuevedejulio\/2024\/01\/31\/mejoras-en-la-infraestructura-vial-compromiso-del-intendente-de-9-de-julio\/#primaryimage"},"thumbnailUrl":"https:\/\/eldoradomultinet.com.ar\/nuevedejulio\/wp-content\/uploads\/sites\/9\/2022\/09\/IMG-20220914-WA0105.jpg","keywords":["Mejoras en la Infraestructura Vial: Compromiso del Intendente de 9 de Julio"],"articleSection":["Eventos y Noticias","Noticias Populares","Obras y avances"],"inLanguage":"es","potentialAction":[{"@type":"CommentAction","name":"Comment","target":["https:\/\/eldoradomultinet.com.ar\/nuevedejulio\/2024\/01\/31\/mejoras-en-la-infraestructura-vial-compromiso-del-intendente-de-9-de-julio\/#respond"]}]},{"@type":"WebPage","@id":"https:\/\/eldoradomultinet.com.ar\/nuevedejulio\/2024\/01\/31\/mejoras-en-la-infraestructura-vial-compromiso-del-intendente-de-9-de-julio\/","url":"https:\/\/eldoradomultinet.com.ar\/nuevedejulio\/2024\/01\/31\/mejoras-en-la-infraestructura-vial-compromiso-del-intendente-de-9-de-julio\/","name":"Mejoras en la Infraestructura Vial: Compromiso del Intendente de 9 de Julio - Nueve de Julio Noticias","isPartOf":{"@id":"https:\/\/eldoradomultinet.com.ar\/nuevedejulio\/#website"},"primaryImageOfPage":{"@id":"https:\/\/eldoradomultinet.com.ar\/nuevedejulio\/2024\/01\/31\/mejoras-en-la-infraestructura-vial-compromiso-del-intendente-de-9-de-julio\/#primaryimage"},"image":{"@id":"https:\/\/eldoradomultinet.com.ar\/nuevedejulio\/2024\/01\/31\/mejoras-en-la-infraestructura-vial-compromiso-del-intendente-de-9-de-julio\/#primaryimage"},"thumbnailUrl":"https:\/\/eldoradomultinet.com.ar\/nuevedejulio\/wp-content\/uploads\/sites\/9\/2022\/09\/IMG-20220914-WA0105.jpg","datePublished":"2024-01-31T06:00:31+00:00","breadcrumb":{"@id":"https:\/\/eldoradomultinet.com.ar\/nuevedejulio\/2024\/01\/31\/mejoras-en-la-infraestructura-vial-compromiso-del-intendente-de-9-de-julio\/#breadcrumb"},"inLanguage":"es","potentialAction":[{"@type":"ReadAction","target":["https:\/\/eldoradomultinet.com.ar\/nuevedejulio\/2024\/01\/31\/mejoras-en-la-infraestructura-vial-compromiso-del-intendente-de-9-de-julio\/"]}]},{"@type":"ImageObject","inLanguage":"es","@id":"https:\/\/eldoradomultinet.com.ar\/nuevedejulio\/2024\/01\/31\/mejoras-en-la-infraestructura-vial-compromiso-del-intendente-de-9-de-julio\/#primaryimage","url":"https:\/\/eldoradomultinet.com.ar\/nuevedejulio\/wp-content\/uploads\/sites\/9\/2022\/09\/IMG-20220914-WA0105.jpg","contentUrl":"https:\/\/eldoradomultinet.com.ar\/nuevedejulio\/wp-content\/uploads\/sites\/9\/2022\/09\/IMG-20220914-WA0105.jpg","width":1200,"height":1600},{"@type":"BreadcrumbList","@id":"https:\/\/eldoradomultinet.com.ar\/nuevedejulio\/2024\/01\/31\/mejoras-en-la-infraestructura-vial-compromiso-del-intendente-de-9-de-julio\/#breadcrumb","itemListElement":[{"@type":"ListItem","position":1,"name":"Portada","item":"https:\/\/eldoradomultinet.com.ar\/nuevedejulio\/"},{"@type":"ListItem","position":2,"name":"Mejoras en la Infraestructura Vial: Compromiso del Intendente de 9 de Julio"}]},{"@type":"WebSite","@id":"https:\/\/eldoradomultinet.com.ar\/nuevedejulio\/#website","url":"https:\/\/eldoradomultinet.com.ar\/nuevedejulio\/","name":"Nueve de Julio Noticias","description":"ELDORADO Misiones\/ 9 de julio es un medio de noticias de la Red de Eldorado Multimedios. Com","publisher":{"@id":"https:\/\/eldoradomultinet.com.ar\/nuevedejulio\/#organization"},"potentialAction":[{"@type":"SearchAction","target":{"@type":"EntryPoint","urlTemplate":"https:\/\/eldoradomultinet.com.ar\/nuevedejulio\/?s={search_term_string}"},"query-input":{"@type":"PropertyValueSpecification","valueRequired":true,"valueName":"search_term_string"}}],"inLanguage":"es"},{"@type":"Organization","@id":"https:\/\/eldoradomultinet.com.ar\/nuevedejulio\/#organization","name":"Nueve de Julio Noticias","url":"https:\/\/eldoradomultinet.com.ar\/nuevedejulio\/","logo":{"@type":"ImageObject","inLanguage":"es","@id":"https:\/\/eldoradomultinet.com.ar\/nuevedejulio\/#\/schema\/logo\/image\/","url":"https:\/\/eldoradomultinet.com.ar\/nuevedejulio\/wp-content\/uploads\/sites\/9\/2025\/01\/9-de-julio-Misiones.png","contentUrl":"https:\/\/eldoradomultinet.com.ar\/nuevedejulio\/wp-content\/uploads\/sites\/9\/2025\/01\/9-de-julio-Misiones.png","width":500,"height":500,"caption":"Nueve de Julio Noticias "},"image":{"@id":"https:\/\/eldoradomultinet.com.ar\/nuevedejulio\/#\/schema\/logo\/image\/"}},{"@type":"Person","@id":"https:\/\/eldoradomultinet.com.ar\/nuevedejulio\/#\/schema\/person\/986e1d3a020443664e82ae7e8fcd571f","name":"Marcelo","image":{"@type":"ImageObject","inLanguage":"es","@id":"https:\/\/eldoradomultinet.com.ar\/nuevedejulio\/#\/schema\/person\/image\/","url":"https:\/\/secure.gravatar.com\/avatar\/dbc7505ebf1b093ae56e798debb36248722744ec5cf699c6fff151ee94f7bd9f?s=96&d=mm&r=g","contentUrl":"https:\/\/secure.gravatar.com\/avatar\/dbc7505ebf1b093ae56e798debb36248722744ec5cf699c6fff151ee94f7bd9f?s=96&d=mm&r=g","caption":"Marcelo"},"sameAs":["https:\/\/eldoradomultimedios.com\/"],"url":"https:\/\/eldoradomultinet.com.ar\/nuevedejulio\/author\/c2241236\/"}]}},"_links":{"self":[{"href":"https:\/\/eldoradomultinet.com.ar\/nuevedejulio\/wp-json\/wp\/v2\/posts\/2235","targetHints":{"allow":["GET"]}}],"collection":[{"href":"https:\/\/eldoradomultinet.com.ar\/nuevedejulio\/wp-json\/wp\/v2\/posts"}],"about":[{"href":"https:\/\/eldoradomultinet.com.ar\/nuevedejulio\/wp-json\/wp\/v2\/types\/post"}],"author":[{"embeddable":true,"href":"https:\/\/eldoradomultinet.com.ar\/nuevedejulio\/wp-json\/wp\/v2\/users\/2"}],"replies":[{"embeddable":true,"href":"https:\/\/eldoradomultinet.com.ar\/nuevedejulio\/wp-json\/wp\/v2\/comments?post=2235"}],"version-history":[{"count":1,"href":"https:\/\/eldoradomultinet.com.ar\/nuevedejulio\/wp-json\/wp\/v2\/posts\/2235\/revisions"}],"predecessor-version":[{"id":2237,"href":"https:\/\/eldoradomultinet.com.ar\/nuevedejulio\/wp-json\/wp\/v2\/posts\/2235\/revisions\/2237"}],"wp:featuredmedia":[{"embeddable":true,"href":"https:\/\/eldoradomultinet.com.ar\/nuevedejulio\/wp-json\/wp\/v2\/media\/1932"}],"wp:attachment":[{"href":"https:\/\/eldoradomultinet.com.ar\/nuevedejulio\/wp-json\/wp\/v2\/media?parent=2235"}],"wp:term":[{"taxonomy":"category","embeddable":true,"href":"https:\/\/eldoradomultinet.com.ar\/nuevedejulio\/wp-json\/wp\/v2\/categories?post=2235"},{"taxonomy":"post_tag","embeddable":true,"href":"https:\/\/eldoradomultinet.com.ar\/nuevedejulio\/wp-json\/wp\/v2\/tags?post=2235"}],"curies":[{"name":"wp","href":"https:\/\/api.w.org\/{rel}","templated":true}]}}