{"id":2229,"date":"2024-01-31T05:46:08","date_gmt":"2024-01-31T05:46:08","guid":{"rendered":"https:\/\/eldoradomultinet.com.ar\/nuevedejulio\/?p=2229"},"modified":"2024-01-31T05:46:08","modified_gmt":"2024-01-31T05:46:08","slug":"ruben-kobler-anuncia-recuperacion-de-equipamiento-municipal-camion-volcador-0-km-en-camino","status":"publish","type":"post","link":"https:\/\/eldoradomultinet.com.ar\/nuevedejulio\/2024\/01\/31\/ruben-kobler-anuncia-recuperacion-de-equipamiento-municipal-camion-volcador-0-km-en-camino\/","title":{"rendered":"Rub\u00e9n Kobler Anuncia Recuperaci\u00f3n de Equipamiento Municipal: Cami\u00f3n Volcador 0 km en Camino"},"content":{"rendered":"<p>El intendente de 9 de Julio, Rub\u00e9n Kobler, confirm\u00f3 esta ma\u00f1ana una excelente noticia para el municipio. Adem\u00e1s, adelant\u00f3 que, una vez finalizada la feria judicial, podr\u00e1n recuperar la motoniveladora que hab\u00eda sido confiscada durante la gesti\u00f3n del anterior jefe comunal. Este anuncio marca un hito importante en el camino hacia la mejora de los servicios municipales y la infraestructura vial en la localidad.<\/p>\n<p><img fetchpriority=\"high\" decoding=\"async\" class=\"size-full wp-image-2231 aligncenter\" src=\"https:\/\/eldoradomultinet.com.ar\/nuevedejulio\/wp-content\/uploads\/sites\/9\/2024\/01\/9-de-julio.jpg\" alt=\"\" width=\"275\" height=\"183\" \/><\/p>\n<h2>Nuevo Cami\u00f3n Volcador 0 km<\/h2>\n<p>Una de las novedades m\u00e1s destacadas es la entrega pr\u00f3xima por parte del Gobierno provincial de un cami\u00f3n volcador 0 km al municipio. El intendente Kobler comparti\u00f3 que ya cuentan con la confirmaci\u00f3n del Gobernador y el Ministro de Gobierno, y que actualmente se est\u00e1n ultimando los detalles del comodato. Se espera que el cami\u00f3n est\u00e9 disponible en el parque vial municipal para el viernes o la pr\u00f3xima semana, lo que representa un avance significativo en la capacidad operativa del municipio.<\/p>\n<h2>Recuperaci\u00f3n de la Motoniveladora<\/h2>\n<p>Otra excelente noticia para la comunidad es la inminente recuperaci\u00f3n de la motoniveladora municipal. El Tribunal Superior de Justicia fall\u00f3 a favor de la Municipalidad en relaci\u00f3n con este equipo, lo que permitir\u00e1 su retorno al parque vial una vez finalizada la feria judicial. Este logro es el resultado de un arduo trabajo legal y administrativo por parte del municipio, y representa una victoria importante para el acceso a los recursos y herramientas necesarios para el mantenimiento de la infraestructura vial local.<\/p>\n<h2>Impacto en la Comunidad<\/h2>\n<p>La entrega del nuevo cami\u00f3n volcador y la recuperaci\u00f3n de la motoniveladora tendr\u00e1n un impacto significativo en la comunidad de 9 de Julio. Estos equipos son fundamentales para llevar a cabo tareas de mantenimiento vial, limpieza de calles y obras p\u00fablicas, lo que contribuir\u00e1 a mejorar la calidad de vida de los residentes y fortalecer\u00e1 la infraestructura del municipio en su conjunto.<\/p>\n<h2>Compromiso con el Progreso<\/h2>\n<p>El anuncio realizado por el intendente Kobler demuestra el compromiso de la gesti\u00f3n municipal con el progreso y el desarrollo de la localidad. La inversi\u00f3n en equipamiento y maquinaria adecuada es esencial para garantizar la prestaci\u00f3n eficiente de servicios p\u00fablicos y el mantenimiento adecuado de la infraestructura urbana y rural.<\/p>\n<p>En resumen, la confirmaci\u00f3n de la entrega del cami\u00f3n volcador 0 km y la recuperaci\u00f3n de la motoniveladora representan un paso importante hacia adelante para el municipio de 9 de Julio. Estos avances contribuir\u00e1n a mejorar la calidad de vida de los ciudadanos y fortalecer\u00e1n la capacidad operativa del gobierno local en su misi\u00f3n de brindar servicios de calidad a la comunidad.<\/p>\n","protected":false},"excerpt":{"rendered":"<p>El intendente de 9 de Julio, Rub\u00e9n Kobler, confirm\u00f3 esta ma\u00f1ana una excelente noticia para el municipio. Adem\u00e1s, adelant\u00f3 que,<\/p>\n","protected":false},"author":2,"featured_media":1963,"comment_status":"open","ping_status":"open","sticky":false,"template":"","format":"standard","meta":{"_monsterinsights_skip_tracking":false,"_monsterinsights_sitenote_active":false,"_monsterinsights_sitenote_note":"","_monsterinsights_sitenote_category":0,"footnotes":""},"categories":[7,8,12],"tags":[65],"class_list":["post-2229","post","type-post","status-publish","format-standard","has-post-thumbnail","hentry","category-noticias-populares","category-noticias-recientes","category-obras-y-avances","tag-ruben-kobler-anuncia-recuperacion-de-equipamiento-municipal-camion-volcador-0-km-en-camino"],"yoast_head":"<!-- This site is optimized with the Yoast SEO Premium plugin v18.9 (Yoast SEO v25.5) - https:\/\/yoast.com\/wordpress\/plugins\/seo\/ -->\n<title>Rub\u00e9n Kobler Anuncia Recuperaci\u00f3n de Equipamiento Municipal: Cami\u00f3n Volcador 0 km en Camino - Nueve de Julio Noticias<\/title>\n<meta name=\"description\" content=\"El intendente de 9 de Julio, Rub\u00e9n Kobler, confirm\u00f3 esta ma\u00f1ana una excelente noticia para el municipio. Adem\u00e1s, adelant\u00f3 que, una vez finalizada la feria judicial, podr\u00e1n recuperar la motoniveladora que hab\u00eda sido confiscada durante la gesti\u00f3n del anterior jefe comunal. Este anuncio marca un hito importante en el camino hacia la mejora de los servicios municipales y la infraestructura vial en la localidad.\" \/>\n<meta name=\"robots\" content=\"index, follow, max-snippet:-1, max-image-preview:large, max-video-preview:-1\" \/>\n<link rel=\"canonical\" href=\"https:\/\/eldoradomultinet.com.ar\/nuevedejulio\/2024\/01\/31\/ruben-kobler-anuncia-recuperacion-de-equipamiento-municipal-camion-volcador-0-km-en-camino\/\" \/>\n<meta property=\"og:locale\" content=\"es_ES\" \/>\n<meta property=\"og:type\" content=\"article\" \/>\n<meta property=\"og:title\" content=\"Rub\u00e9n Kobler Anuncia Recuperaci\u00f3n de Equipamiento Municipal: Cami\u00f3n Volcador 0 km en Camino\" \/>\n<meta property=\"og:description\" content=\"El intendente de 9 de Julio, Rub\u00e9n Kobler, confirm\u00f3 esta ma\u00f1ana una excelente noticia para el municipio. Adem\u00e1s, adelant\u00f3 que, una vez finalizada la feria judicial, podr\u00e1n recuperar la motoniveladora que hab\u00eda sido confiscada durante la gesti\u00f3n del anterior jefe comunal. Este anuncio marca un hito importante en el camino hacia la mejora de los servicios municipales y la infraestructura vial en la localidad.\" \/>\n<meta property=\"og:url\" content=\"https:\/\/eldoradomultinet.com.ar\/nuevedejulio\/2024\/01\/31\/ruben-kobler-anuncia-recuperacion-de-equipamiento-municipal-camion-volcador-0-km-en-camino\/\" \/>\n<meta property=\"og:site_name\" content=\"Nueve de Julio Noticias\" \/>\n<meta property=\"article:published_time\" content=\"2024-01-31T05:46:08+00:00\" \/>\n<meta property=\"og:image\" content=\"https:\/\/eldoradomultinet.com.ar\/nuevedejulio\/wp-content\/uploads\/sites\/9\/2022\/09\/9dejulio-22-09-20.jpg\" \/>\n\t<meta property=\"og:image:width\" content=\"1000\" \/>\n\t<meta property=\"og:image:height\" content=\"563\" \/>\n\t<meta property=\"og:image:type\" content=\"image\/jpeg\" \/>\n<meta name=\"author\" content=\"Marcelo\" \/>\n<meta name=\"twitter:card\" content=\"summary_large_image\" \/>\n<meta name=\"twitter:label1\" content=\"Escrito por\" \/>\n\t<meta name=\"twitter:data1\" content=\"Marcelo\" \/>\n\t<meta name=\"twitter:label2\" content=\"Tiempo de lectura\" \/>\n\t<meta name=\"twitter:data2\" content=\"3 minutos\" \/>\n<script type=\"application\/ld+json\" class=\"yoast-schema-graph\">{\"@context\":\"https:\/\/schema.org\",\"@graph\":[{\"@type\":\"Article\",\"@id\":\"https:\/\/eldoradomultinet.com.ar\/nuevedejulio\/2024\/01\/31\/ruben-kobler-anuncia-recuperacion-de-equipamiento-municipal-camion-volcador-0-km-en-camino\/#article\",\"isPartOf\":{\"@id\":\"https:\/\/eldoradomultinet.com.ar\/nuevedejulio\/2024\/01\/31\/ruben-kobler-anuncia-recuperacion-de-equipamiento-municipal-camion-volcador-0-km-en-camino\/\"},\"author\":{\"name\":\"Marcelo\",\"@id\":\"https:\/\/eldoradomultinet.com.ar\/nuevedejulio\/#\/schema\/person\/986e1d3a020443664e82ae7e8fcd571f\"},\"headline\":\"Rub\u00e9n Kobler Anuncia Recuperaci\u00f3n de Equipamiento Municipal: Cami\u00f3n Volcador 0 km en Camino\",\"datePublished\":\"2024-01-31T05:46:08+00:00\",\"mainEntityOfPage\":{\"@id\":\"https:\/\/eldoradomultinet.com.ar\/nuevedejulio\/2024\/01\/31\/ruben-kobler-anuncia-recuperacion-de-equipamiento-municipal-camion-volcador-0-km-en-camino\/\"},\"wordCount\":458,\"commentCount\":0,\"publisher\":{\"@id\":\"https:\/\/eldoradomultinet.com.ar\/nuevedejulio\/#organization\"},\"image\":{\"@id\":\"https:\/\/eldoradomultinet.com.ar\/nuevedejulio\/2024\/01\/31\/ruben-kobler-anuncia-recuperacion-de-equipamiento-municipal-camion-volcador-0-km-en-camino\/#primaryimage\"},\"thumbnailUrl\":\"https:\/\/eldoradomultinet.com.ar\/nuevedejulio\/wp-content\/uploads\/sites\/9\/2022\/09\/9dejulio-22-09-20.jpg\",\"keywords\":[\"Rub\u00e9n Kobler Anuncia Recuperaci\u00f3n de Equipamiento Municipal: Cami\u00f3n Volcador 0 km en Camino\"],\"articleSection\":[\"Noticias Populares\",\"Noticias Recientes\",\"Obras y avances\"],\"inLanguage\":\"es\",\"potentialAction\":[{\"@type\":\"CommentAction\",\"name\":\"Comment\",\"target\":[\"https:\/\/eldoradomultinet.com.ar\/nuevedejulio\/2024\/01\/31\/ruben-kobler-anuncia-recuperacion-de-equipamiento-municipal-camion-volcador-0-km-en-camino\/#respond\"]}]},{\"@type\":\"WebPage\",\"@id\":\"https:\/\/eldoradomultinet.com.ar\/nuevedejulio\/2024\/01\/31\/ruben-kobler-anuncia-recuperacion-de-equipamiento-municipal-camion-volcador-0-km-en-camino\/\",\"url\":\"https:\/\/eldoradomultinet.com.ar\/nuevedejulio\/2024\/01\/31\/ruben-kobler-anuncia-recuperacion-de-equipamiento-municipal-camion-volcador-0-km-en-camino\/\",\"name\":\"Rub\u00e9n Kobler Anuncia Recuperaci\u00f3n de Equipamiento Municipal: Cami\u00f3n Volcador 0 km en Camino - Nueve de Julio Noticias\",\"isPartOf\":{\"@id\":\"https:\/\/eldoradomultinet.com.ar\/nuevedejulio\/#website\"},\"primaryImageOfPage\":{\"@id\":\"https:\/\/eldoradomultinet.com.ar\/nuevedejulio\/2024\/01\/31\/ruben-kobler-anuncia-recuperacion-de-equipamiento-municipal-camion-volcador-0-km-en-camino\/#primaryimage\"},\"image\":{\"@id\":\"https:\/\/eldoradomultinet.com.ar\/nuevedejulio\/2024\/01\/31\/ruben-kobler-anuncia-recuperacion-de-equipamiento-municipal-camion-volcador-0-km-en-camino\/#primaryimage\"},\"thumbnailUrl\":\"https:\/\/eldoradomultinet.com.ar\/nuevedejulio\/wp-content\/uploads\/sites\/9\/2022\/09\/9dejulio-22-09-20.jpg\",\"datePublished\":\"2024-01-31T05:46:08+00:00\",\"description\":\"El intendente de 9 de Julio, Rub\u00e9n Kobler, confirm\u00f3 esta ma\u00f1ana una excelente noticia para el municipio. Adem\u00e1s, adelant\u00f3 que, una vez finalizada la feria judicial, podr\u00e1n recuperar la motoniveladora que hab\u00eda sido confiscada durante la gesti\u00f3n del anterior jefe comunal. Este anuncio marca un hito importante en el camino hacia la mejora de los servicios municipales y la infraestructura vial en la localidad.\",\"breadcrumb\":{\"@id\":\"https:\/\/eldoradomultinet.com.ar\/nuevedejulio\/2024\/01\/31\/ruben-kobler-anuncia-recuperacion-de-equipamiento-municipal-camion-volcador-0-km-en-camino\/#breadcrumb\"},\"inLanguage\":\"es\",\"potentialAction\":[{\"@type\":\"ReadAction\",\"target\":[\"https:\/\/eldoradomultinet.com.ar\/nuevedejulio\/2024\/01\/31\/ruben-kobler-anuncia-recuperacion-de-equipamiento-municipal-camion-volcador-0-km-en-camino\/\"]}]},{\"@type\":\"ImageObject\",\"inLanguage\":\"es\",\"@id\":\"https:\/\/eldoradomultinet.com.ar\/nuevedejulio\/2024\/01\/31\/ruben-kobler-anuncia-recuperacion-de-equipamiento-municipal-camion-volcador-0-km-en-camino\/#primaryimage\",\"url\":\"https:\/\/eldoradomultinet.com.ar\/nuevedejulio\/wp-content\/uploads\/sites\/9\/2022\/09\/9dejulio-22-09-20.jpg\",\"contentUrl\":\"https:\/\/eldoradomultinet.com.ar\/nuevedejulio\/wp-content\/uploads\/sites\/9\/2022\/09\/9dejulio-22-09-20.jpg\",\"width\":1000,\"height\":563},{\"@type\":\"BreadcrumbList\",\"@id\":\"https:\/\/eldoradomultinet.com.ar\/nuevedejulio\/2024\/01\/31\/ruben-kobler-anuncia-recuperacion-de-equipamiento-municipal-camion-volcador-0-km-en-camino\/#breadcrumb\",\"itemListElement\":[{\"@type\":\"ListItem\",\"position\":1,\"name\":\"Portada\",\"item\":\"https:\/\/eldoradomultinet.com.ar\/nuevedejulio\/\"},{\"@type\":\"ListItem\",\"position\":2,\"name\":\"Rub\u00e9n Kobler Anuncia Recuperaci\u00f3n de Equipamiento Municipal: Cami\u00f3n Volcador 0 km en Camino\"}]},{\"@type\":\"WebSite\",\"@id\":\"https:\/\/eldoradomultinet.com.ar\/nuevedejulio\/#website\",\"url\":\"https:\/\/eldoradomultinet.com.ar\/nuevedejulio\/\",\"name\":\"Nueve de Julio Noticias\",\"description\":\"ELDORADO Misiones\/ 9 de julio es un medio de noticias de la Red de Eldorado Multimedios. Com\",\"publisher\":{\"@id\":\"https:\/\/eldoradomultinet.com.ar\/nuevedejulio\/#organization\"},\"potentialAction\":[{\"@type\":\"SearchAction\",\"target\":{\"@type\":\"EntryPoint\",\"urlTemplate\":\"https:\/\/eldoradomultinet.com.ar\/nuevedejulio\/?s={search_term_string}\"},\"query-input\":{\"@type\":\"PropertyValueSpecification\",\"valueRequired\":true,\"valueName\":\"search_term_string\"}}],\"inLanguage\":\"es\"},{\"@type\":\"Organization\",\"@id\":\"https:\/\/eldoradomultinet.com.ar\/nuevedejulio\/#organization\",\"name\":\"Nueve de Julio Noticias\",\"url\":\"https:\/\/eldoradomultinet.com.ar\/nuevedejulio\/\",\"logo\":{\"@type\":\"ImageObject\",\"inLanguage\":\"es\",\"@id\":\"https:\/\/eldoradomultinet.com.ar\/nuevedejulio\/#\/schema\/logo\/image\/\",\"url\":\"https:\/\/eldoradomultinet.com.ar\/nuevedejulio\/wp-content\/uploads\/sites\/9\/2025\/01\/9-de-julio-Misiones.png\",\"contentUrl\":\"https:\/\/eldoradomultinet.com.ar\/nuevedejulio\/wp-content\/uploads\/sites\/9\/2025\/01\/9-de-julio-Misiones.png\",\"width\":500,\"height\":500,\"caption\":\"Nueve de Julio Noticias \"},\"image\":{\"@id\":\"https:\/\/eldoradomultinet.com.ar\/nuevedejulio\/#\/schema\/logo\/image\/\"}},{\"@type\":\"Person\",\"@id\":\"https:\/\/eldoradomultinet.com.ar\/nuevedejulio\/#\/schema\/person\/986e1d3a020443664e82ae7e8fcd571f\",\"name\":\"Marcelo\",\"image\":{\"@type\":\"ImageObject\",\"inLanguage\":\"es\",\"@id\":\"https:\/\/eldoradomultinet.com.ar\/nuevedejulio\/#\/schema\/person\/image\/\",\"url\":\"https:\/\/secure.gravatar.com\/avatar\/dbc7505ebf1b093ae56e798debb36248722744ec5cf699c6fff151ee94f7bd9f?s=96&d=mm&r=g\",\"contentUrl\":\"https:\/\/secure.gravatar.com\/avatar\/dbc7505ebf1b093ae56e798debb36248722744ec5cf699c6fff151ee94f7bd9f?s=96&d=mm&r=g\",\"caption\":\"Marcelo\"},\"sameAs\":[\"https:\/\/eldoradomultimedios.com\/\"],\"url\":\"https:\/\/eldoradomultinet.com.ar\/nuevedejulio\/author\/c2241236\/\"}]}<\/script>\n<!-- \/ Yoast SEO Premium plugin. -->","yoast_head_json":{"title":"Rub\u00e9n Kobler Anuncia Recuperaci\u00f3n de Equipamiento Municipal: Cami\u00f3n Volcador 0 km en Camino - Nueve de Julio Noticias","description":"El intendente de 9 de Julio, Rub\u00e9n Kobler, confirm\u00f3 esta ma\u00f1ana una excelente noticia para el municipio. Adem\u00e1s, adelant\u00f3 que, una vez finalizada la feria judicial, podr\u00e1n recuperar la motoniveladora que hab\u00eda sido confiscada durante la gesti\u00f3n del anterior jefe comunal. Este anuncio marca un hito importante en el camino hacia la mejora de los servicios municipales y la infraestructura vial en la localidad.","robots":{"index":"index","follow":"follow","max-snippet":"max-snippet:-1","max-image-preview":"max-image-preview:large","max-video-preview":"max-video-preview:-1"},"canonical":"https:\/\/eldoradomultinet.com.ar\/nuevedejulio\/2024\/01\/31\/ruben-kobler-anuncia-recuperacion-de-equipamiento-municipal-camion-volcador-0-km-en-camino\/","og_locale":"es_ES","og_type":"article","og_title":"Rub\u00e9n Kobler Anuncia Recuperaci\u00f3n de Equipamiento Municipal: Cami\u00f3n Volcador 0 km en Camino","og_description":"El intendente de 9 de Julio, Rub\u00e9n Kobler, confirm\u00f3 esta ma\u00f1ana una excelente noticia para el municipio. Adem\u00e1s, adelant\u00f3 que, una vez finalizada la feria judicial, podr\u00e1n recuperar la motoniveladora que hab\u00eda sido confiscada durante la gesti\u00f3n del anterior jefe comunal. Este anuncio marca un hito importante en el camino hacia la mejora de los servicios municipales y la infraestructura vial en la localidad.","og_url":"https:\/\/eldoradomultinet.com.ar\/nuevedejulio\/2024\/01\/31\/ruben-kobler-anuncia-recuperacion-de-equipamiento-municipal-camion-volcador-0-km-en-camino\/","og_site_name":"Nueve de Julio Noticias","article_published_time":"2024-01-31T05:46:08+00:00","og_image":[{"width":1000,"height":563,"url":"https:\/\/eldoradomultinet.com.ar\/nuevedejulio\/wp-content\/uploads\/sites\/9\/2022\/09\/9dejulio-22-09-20.jpg","type":"image\/jpeg"}],"author":"Marcelo","twitter_card":"summary_large_image","twitter_misc":{"Escrito por":"Marcelo","Tiempo de lectura":"3 minutos"},"schema":{"@context":"https:\/\/schema.org","@graph":[{"@type":"Article","@id":"https:\/\/eldoradomultinet.com.ar\/nuevedejulio\/2024\/01\/31\/ruben-kobler-anuncia-recuperacion-de-equipamiento-municipal-camion-volcador-0-km-en-camino\/#article","isPartOf":{"@id":"https:\/\/eldoradomultinet.com.ar\/nuevedejulio\/2024\/01\/31\/ruben-kobler-anuncia-recuperacion-de-equipamiento-municipal-camion-volcador-0-km-en-camino\/"},"author":{"name":"Marcelo","@id":"https:\/\/eldoradomultinet.com.ar\/nuevedejulio\/#\/schema\/person\/986e1d3a020443664e82ae7e8fcd571f"},"headline":"Rub\u00e9n Kobler Anuncia Recuperaci\u00f3n de Equipamiento Municipal: Cami\u00f3n Volcador 0 km en Camino","datePublished":"2024-01-31T05:46:08+00:00","mainEntityOfPage":{"@id":"https:\/\/eldoradomultinet.com.ar\/nuevedejulio\/2024\/01\/31\/ruben-kobler-anuncia-recuperacion-de-equipamiento-municipal-camion-volcador-0-km-en-camino\/"},"wordCount":458,"commentCount":0,"publisher":{"@id":"https:\/\/eldoradomultinet.com.ar\/nuevedejulio\/#organization"},"image":{"@id":"https:\/\/eldoradomultinet.com.ar\/nuevedejulio\/2024\/01\/31\/ruben-kobler-anuncia-recuperacion-de-equipamiento-municipal-camion-volcador-0-km-en-camino\/#primaryimage"},"thumbnailUrl":"https:\/\/eldoradomultinet.com.ar\/nuevedejulio\/wp-content\/uploads\/sites\/9\/2022\/09\/9dejulio-22-09-20.jpg","keywords":["Rub\u00e9n Kobler Anuncia Recuperaci\u00f3n de Equipamiento Municipal: Cami\u00f3n Volcador 0 km en Camino"],"articleSection":["Noticias Populares","Noticias Recientes","Obras y avances"],"inLanguage":"es","potentialAction":[{"@type":"CommentAction","name":"Comment","target":["https:\/\/eldoradomultinet.com.ar\/nuevedejulio\/2024\/01\/31\/ruben-kobler-anuncia-recuperacion-de-equipamiento-municipal-camion-volcador-0-km-en-camino\/#respond"]}]},{"@type":"WebPage","@id":"https:\/\/eldoradomultinet.com.ar\/nuevedejulio\/2024\/01\/31\/ruben-kobler-anuncia-recuperacion-de-equipamiento-municipal-camion-volcador-0-km-en-camino\/","url":"https:\/\/eldoradomultinet.com.ar\/nuevedejulio\/2024\/01\/31\/ruben-kobler-anuncia-recuperacion-de-equipamiento-municipal-camion-volcador-0-km-en-camino\/","name":"Rub\u00e9n Kobler Anuncia Recuperaci\u00f3n de Equipamiento Municipal: Cami\u00f3n Volcador 0 km en Camino - Nueve de Julio Noticias","isPartOf":{"@id":"https:\/\/eldoradomultinet.com.ar\/nuevedejulio\/#website"},"primaryImageOfPage":{"@id":"https:\/\/eldoradomultinet.com.ar\/nuevedejulio\/2024\/01\/31\/ruben-kobler-anuncia-recuperacion-de-equipamiento-municipal-camion-volcador-0-km-en-camino\/#primaryimage"},"image":{"@id":"https:\/\/eldoradomultinet.com.ar\/nuevedejulio\/2024\/01\/31\/ruben-kobler-anuncia-recuperacion-de-equipamiento-municipal-camion-volcador-0-km-en-camino\/#primaryimage"},"thumbnailUrl":"https:\/\/eldoradomultinet.com.ar\/nuevedejulio\/wp-content\/uploads\/sites\/9\/2022\/09\/9dejulio-22-09-20.jpg","datePublished":"2024-01-31T05:46:08+00:00","description":"El intendente de 9 de Julio, Rub\u00e9n Kobler, confirm\u00f3 esta ma\u00f1ana una excelente noticia para el municipio. Adem\u00e1s, adelant\u00f3 que, una vez finalizada la feria judicial, podr\u00e1n recuperar la motoniveladora que hab\u00eda sido confiscada durante la gesti\u00f3n del anterior jefe comunal. Este anuncio marca un hito importante en el camino hacia la mejora de los servicios municipales y la infraestructura vial en la localidad.","breadcrumb":{"@id":"https:\/\/eldoradomultinet.com.ar\/nuevedejulio\/2024\/01\/31\/ruben-kobler-anuncia-recuperacion-de-equipamiento-municipal-camion-volcador-0-km-en-camino\/#breadcrumb"},"inLanguage":"es","potentialAction":[{"@type":"ReadAction","target":["https:\/\/eldoradomultinet.com.ar\/nuevedejulio\/2024\/01\/31\/ruben-kobler-anuncia-recuperacion-de-equipamiento-municipal-camion-volcador-0-km-en-camino\/"]}]},{"@type":"ImageObject","inLanguage":"es","@id":"https:\/\/eldoradomultinet.com.ar\/nuevedejulio\/2024\/01\/31\/ruben-kobler-anuncia-recuperacion-de-equipamiento-municipal-camion-volcador-0-km-en-camino\/#primaryimage","url":"https:\/\/eldoradomultinet.com.ar\/nuevedejulio\/wp-content\/uploads\/sites\/9\/2022\/09\/9dejulio-22-09-20.jpg","contentUrl":"https:\/\/eldoradomultinet.com.ar\/nuevedejulio\/wp-content\/uploads\/sites\/9\/2022\/09\/9dejulio-22-09-20.jpg","width":1000,"height":563},{"@type":"BreadcrumbList","@id":"https:\/\/eldoradomultinet.com.ar\/nuevedejulio\/2024\/01\/31\/ruben-kobler-anuncia-recuperacion-de-equipamiento-municipal-camion-volcador-0-km-en-camino\/#breadcrumb","itemListElement":[{"@type":"ListItem","position":1,"name":"Portada","item":"https:\/\/eldoradomultinet.com.ar\/nuevedejulio\/"},{"@type":"ListItem","position":2,"name":"Rub\u00e9n Kobler Anuncia Recuperaci\u00f3n de Equipamiento Municipal: Cami\u00f3n Volcador 0 km en Camino"}]},{"@type":"WebSite","@id":"https:\/\/eldoradomultinet.com.ar\/nuevedejulio\/#website","url":"https:\/\/eldoradomultinet.com.ar\/nuevedejulio\/","name":"Nueve de Julio Noticias","description":"ELDORADO Misiones\/ 9 de julio es un medio de noticias de la Red de Eldorado Multimedios. Com","publisher":{"@id":"https:\/\/eldoradomultinet.com.ar\/nuevedejulio\/#organization"},"potentialAction":[{"@type":"SearchAction","target":{"@type":"EntryPoint","urlTemplate":"https:\/\/eldoradomultinet.com.ar\/nuevedejulio\/?s={search_term_string}"},"query-input":{"@type":"PropertyValueSpecification","valueRequired":true,"valueName":"search_term_string"}}],"inLanguage":"es"},{"@type":"Organization","@id":"https:\/\/eldoradomultinet.com.ar\/nuevedejulio\/#organization","name":"Nueve de Julio Noticias","url":"https:\/\/eldoradomultinet.com.ar\/nuevedejulio\/","logo":{"@type":"ImageObject","inLanguage":"es","@id":"https:\/\/eldoradomultinet.com.ar\/nuevedejulio\/#\/schema\/logo\/image\/","url":"https:\/\/eldoradomultinet.com.ar\/nuevedejulio\/wp-content\/uploads\/sites\/9\/2025\/01\/9-de-julio-Misiones.png","contentUrl":"https:\/\/eldoradomultinet.com.ar\/nuevedejulio\/wp-content\/uploads\/sites\/9\/2025\/01\/9-de-julio-Misiones.png","width":500,"height":500,"caption":"Nueve de Julio Noticias "},"image":{"@id":"https:\/\/eldoradomultinet.com.ar\/nuevedejulio\/#\/schema\/logo\/image\/"}},{"@type":"Person","@id":"https:\/\/eldoradomultinet.com.ar\/nuevedejulio\/#\/schema\/person\/986e1d3a020443664e82ae7e8fcd571f","name":"Marcelo","image":{"@type":"ImageObject","inLanguage":"es","@id":"https:\/\/eldoradomultinet.com.ar\/nuevedejulio\/#\/schema\/person\/image\/","url":"https:\/\/secure.gravatar.com\/avatar\/dbc7505ebf1b093ae56e798debb36248722744ec5cf699c6fff151ee94f7bd9f?s=96&d=mm&r=g","contentUrl":"https:\/\/secure.gravatar.com\/avatar\/dbc7505ebf1b093ae56e798debb36248722744ec5cf699c6fff151ee94f7bd9f?s=96&d=mm&r=g","caption":"Marcelo"},"sameAs":["https:\/\/eldoradomultimedios.com\/"],"url":"https:\/\/eldoradomultinet.com.ar\/nuevedejulio\/author\/c2241236\/"}]}},"_links":{"self":[{"href":"https:\/\/eldoradomultinet.com.ar\/nuevedejulio\/wp-json\/wp\/v2\/posts\/2229","targetHints":{"allow":["GET"]}}],"collection":[{"href":"https:\/\/eldoradomultinet.com.ar\/nuevedejulio\/wp-json\/wp\/v2\/posts"}],"about":[{"href":"https:\/\/eldoradomultinet.com.ar\/nuevedejulio\/wp-json\/wp\/v2\/types\/post"}],"author":[{"embeddable":true,"href":"https:\/\/eldoradomultinet.com.ar\/nuevedejulio\/wp-json\/wp\/v2\/users\/2"}],"replies":[{"embeddable":true,"href":"https:\/\/eldoradomultinet.com.ar\/nuevedejulio\/wp-json\/wp\/v2\/comments?post=2229"}],"version-history":[{"count":1,"href":"https:\/\/eldoradomultinet.com.ar\/nuevedejulio\/wp-json\/wp\/v2\/posts\/2229\/revisions"}],"predecessor-version":[{"id":2232,"href":"https:\/\/eldoradomultinet.com.ar\/nuevedejulio\/wp-json\/wp\/v2\/posts\/2229\/revisions\/2232"}],"wp:featuredmedia":[{"embeddable":true,"href":"https:\/\/eldoradomultinet.com.ar\/nuevedejulio\/wp-json\/wp\/v2\/media\/1963"}],"wp:attachment":[{"href":"https:\/\/eldoradomultinet.com.ar\/nuevedejulio\/wp-json\/wp\/v2\/media?parent=2229"}],"wp:term":[{"taxonomy":"category","embeddable":true,"href":"https:\/\/eldoradomultinet.com.ar\/nuevedejulio\/wp-json\/wp\/v2\/categories?post=2229"},{"taxonomy":"post_tag","embeddable":true,"href":"https:\/\/eldoradomultinet.com.ar\/nuevedejulio\/wp-json\/wp\/v2\/tags?post=2229"}],"curies":[{"name":"wp","href":"https:\/\/api.w.org\/{rel}","templated":true}]}}